{"id":181,"date":"2025-09-24T13:11:37","date_gmt":"2025-09-24T13:11:37","guid":{"rendered":"https:\/\/oh2.es\/?p=181"},"modified":"2025-09-24T14:53:52","modified_gmt":"2025-09-24T14:53:52","slug":"oviedo-se-convertira-en-la-capital-del-hidrogeno-verde-gracias-a-un-foro-euroamericano-unico","status":"publish","type":"post","link":"https:\/\/oh2.es\/index.php\/2025\/09\/24\/oviedo-se-convertira-en-la-capital-del-hidrogeno-verde-gracias-a-un-foro-euroamericano-unico\/","title":{"rendered":"Oviedo se convertir\u00e1 en la capital del hidr\u00f3geno verde gracias a un foro euroamericano \u00fanico"},"content":{"rendered":"[vc_row type=\u00bbin_container\u00bb full_screen_row_position=\u00bbmiddle\u00bb column_margin=\u00bbdefault\u00bb column_direction=\u00bbdefault\u00bb column_direction_tablet=\u00bbdefault\u00bb column_direction_phone=\u00bbdefault\u00bb scene_position=\u00bbcenter\u00bb top_padding=\u00bb0%\u00bb text_color=\u00bbdark\u00bb text_align=\u00bbleft\u00bb row_border_radius=\u00bbnone\u00bb row_border_radius_applies=\u00bbbg\u00bb overflow=\u00bbvisible\u00bb overlay_strength=\u00bb0.3&#8243; gradient_direction=\u00bbleft_to_right\u00bb shape_divider_position=\u00bbbottom\u00bb bg_image_animation=\u00bbnone\u00bb gradient_type=\u00bbdefault\u00bb shape_type=\u00bb\u00bb][vc_column column_padding=\u00bbno-extra-padding\u00bb column_padding_tablet=\u00bbinherit\u00bb column_padding_phone=\u00bbinherit\u00bb column_padding_position=\u00bball\u00bb column_element_direction_desktop=\u00bbdefault\u00bb column_element_spacing=\u00bbdefault\u00bb desktop_text_alignment=\u00bbdefault\u00bb tablet_text_alignment=\u00bbdefault\u00bb phone_text_alignment=\u00bbdefault\u00bb background_color_opacity=\u00bb1&#8243; background_hover_color_opacity=\u00bb1&#8243; column_backdrop_filter=\u00bbnone\u00bb column_shadow=\u00bbnone\u00bb column_border_radius=\u00bbnone\u00bb column_link_target=\u00bb_self\u00bb column_position=\u00bbdefault\u00bb gradient_direction=\u00bbleft_to_right\u00bb overlay_strength=\u00bb0.3&#8243; width=\u00bb1\/1&#8243; tablet_width_inherit=\u00bbdefault\u00bb animation_type=\u00bbdefault\u00bb bg_image_animation=\u00bbnone\u00bb border_type=\u00bbsimple\u00bb column_border_width=\u00bbnone\u00bb column_border_style=\u00bbsolid\u00bb][nectar_highlighted_text color_type=\u00bbregular\u00bb text_color=\u00bb#173E64&#8243; style=\u00bbfull_text\u00bb highlight_expansion=\u00bbdefault\u00bb text_direction=\u00bbdefault\u00bb custom_font_size=\u00bb3em\u00bb font_line_height=\u00bb1.1em\u00bb]\n<h1 class=\"entry-title\">Oviedo se convertir\u00e1 en la capital del hidr\u00f3geno verde gracias a un foro euroamericano \u00fanico<\/h1>\n[\/nectar_highlighted_text][nectar_highlighted_text color_type=\u00bbregular\u00bb style=\u00bbfull_text\u00bb highlight_expansion=\u00bbdefault\u00bb text_direction=\u00bbdefault\u00bb custom_font_size=\u00bb2.em\u00bb font_line_height=\u00bb1.4em\u00bb]<strong>Del 14 al 16 de enero de 2026, Oviedo acoger\u00e1 OH2, la primera cumbre euroamericana sobre hidr\u00f3geno verde, que busca consolidarse como un referente mundial de energ\u00edas renovables.<\/strong><\/p>\n<p><strong>Expertos y empresas debatir\u00e1n soluciones energ\u00e9ticas innovadoras y sostenibles en Espa\u00f1a.<\/strong><\/p>\n<p><strong>Moeve liderar\u00e1 el III Congreso Nacional de Hidr\u00f3geno Verde en Huelva con novedades que marcar\u00e1n el futuro energ\u00e9tico<\/strong>[\/nectar_highlighted_text][\/vc_column][\/vc_row][vc_row type=\u00bbin_container\u00bb full_screen_row_position=\u00bbmiddle\u00bb column_margin=\u00bbdefault\u00bb column_direction=\u00bbdefault\u00bb column_direction_tablet=\u00bbdefault\u00bb column_direction_phone=\u00bbdefault\u00bb scene_position=\u00bbcenter\u00bb top_padding=\u00bb2%\u00bb text_color=\u00bbdark\u00bb text_align=\u00bbcenter\u00bb row_border_radius=\u00bbnone\u00bb row_border_radius_applies=\u00bbbg\u00bb overflow=\u00bbvisible\u00bb overlay_strength=\u00bb0.3&#8243; gradient_direction=\u00bbleft_to_right\u00bb shape_divider_position=\u00bbbottom\u00bb bg_image_animation=\u00bbnone\u00bb gradient_type=\u00bbdefault\u00bb shape_type=\u00bb\u00bb][vc_column column_padding=\u00bbno-extra-padding\u00bb column_padding_tablet=\u00bbinherit\u00bb column_padding_phone=\u00bbinherit\u00bb column_padding_position=\u00bball\u00bb column_element_direction_desktop=\u00bbdefault\u00bb column_element_spacing=\u00bbdefault\u00bb desktop_text_alignment=\u00bbdefault\u00bb tablet_text_alignment=\u00bbdefault\u00bb phone_text_alignment=\u00bbdefault\u00bb background_color_opacity=\u00bb1&#8243; background_hover_color_opacity=\u00bb1&#8243; column_backdrop_filter=\u00bbnone\u00bb column_shadow=\u00bbnone\u00bb column_border_radius=\u00bbnone\u00bb column_link_target=\u00bb_self\u00bb column_position=\u00bbdefault\u00bb gradient_direction=\u00bbleft_to_right\u00bb overlay_strength=\u00bb0.3&#8243; width=\u00bb1\/1&#8243; tablet_width_inherit=\u00bbdefault\u00bb animation_type=\u00bbdefault\u00bb bg_image_animation=\u00bbnone\u00bb border_type=\u00bbsimple\u00bb column_border_width=\u00bbnone\u00bb column_border_style=\u00bbsolid\u00bb][image_with_animation image_url=\u00bb195&#8243; image_size=\u00bbfull\u00bb max_width=\u00bb100%\u00bb max_width_mobile=\u00bbdefault\u00bb animation_type=\u00bbentrance\u00bb animation=\u00bbNone\u00bb animation_movement_type=\u00bbtransform_y\u00bb hover_animation=\u00bbnone\u00bb alignment=\u00bb\u00bb border_radius=\u00bbnone\u00bb box_shadow=\u00bbnone\u00bb image_loading=\u00bbdefault\u00bb][\/vc_column][\/vc_row][vc_row type=\u00bbin_container\u00bb full_screen_row_position=\u00bbmiddle\u00bb column_margin=\u00bbdefault\u00bb column_direction=\u00bbdefault\u00bb column_direction_tablet=\u00bbdefault\u00bb column_direction_phone=\u00bbdefault\u00bb scene_position=\u00bbcenter\u00bb top_padding=\u00bb2%\u00bb text_color=\u00bbdark\u00bb text_align=\u00bbleft\u00bb row_border_radius=\u00bbnone\u00bb row_border_radius_applies=\u00bbbg\u00bb overflow=\u00bbvisible\u00bb overlay_strength=\u00bb0.3&#8243; gradient_direction=\u00bbleft_to_right\u00bb shape_divider_position=\u00bbbottom\u00bb bg_image_animation=\u00bbnone\u00bb gradient_type=\u00bbdefault\u00bb shape_type=\u00bb\u00bb][vc_column column_padding=\u00bbno-extra-padding\u00bb column_padding_tablet=\u00bbinherit\u00bb column_padding_phone=\u00bbinherit\u00bb column_padding_position=\u00bball\u00bb column_element_direction_desktop=\u00bbdefault\u00bb column_element_spacing=\u00bbdefault\u00bb desktop_text_alignment=\u00bbdefault\u00bb tablet_text_alignment=\u00bbdefault\u00bb phone_text_alignment=\u00bbdefault\u00bb background_color_opacity=\u00bb1&#8243; background_hover_color_opacity=\u00bb1&#8243; column_backdrop_filter=\u00bbnone\u00bb column_shadow=\u00bbnone\u00bb column_border_radius=\u00bbnone\u00bb column_link_target=\u00bb_self\u00bb column_position=\u00bbdefault\u00bb gradient_direction=\u00bbleft_to_right\u00bb overlay_strength=\u00bb0.3&#8243; width=\u00bb1\/1&#8243; tablet_width_inherit=\u00bbdefault\u00bb animation_type=\u00bbdefault\u00bb bg_image_animation=\u00bbnone\u00bb border_type=\u00bbsimple\u00bb column_border_width=\u00bbnone\u00bb column_border_style=\u00bbsolid\u00bb][vc_column_text css=\u00bb\u00bb text_direction=\u00bbdefault\u00bb]La\u00a0<a href=\"https:\/\/hidrogeno-verde.es\/universidad-oviedo-proyecto-hidrogeno-verde-agua\/\" rel=\"noopener\"><strong>ciudad de Oviedo<\/strong><\/a>\u00a0se prepara para un evento que podr\u00eda representar todo un acontecimiento en el sector energ\u00e9tico. Directivos, cient\u00edficos y responsables de las grandes corporaciones europeas y estadounidenses\u00a0<strong>se reunir\u00e1n para debatir sobre el futuro del hidr\u00f3geno verde<\/strong>. Y ser\u00e1 en un foro que promete atraer la atenci\u00f3n de todo el continente europeo.<\/p>\n<p><strong>Originalmente pensado para Madrid, el encuentro se traslad\u00f3 a la capital asturiana<\/strong>\u00a0debido a la coincidencia con las obras vinculadas al Gran Premio de F\u00f3rmula 1. El Palacio de Exposiciones y Congresos (PEC) de Oviedo, obra del arquitecto Santiago Calatrava, ser\u00e1 el escenario donde se presentar\u00e1n todas las novedades y se generar\u00e1n los debates sobre la energ\u00eda limpia y el almacenamiento sostenible.<\/p>\n<h2>Oviedo y OH2: nuevo punto de encuentro para el hidr\u00f3geno verde<\/h2>\n<p>\u00abQueremos convertir Oviedo en el Davos de las energ\u00edas renovables\u00bb, dicen los organizadores de un evento programado para enero y que\u00a0<strong>aspira a ser anual.<\/strong>\u00a0La ciudad asturiana ha sido seleccionada por su capacidad de albergar un evento internacional de gran envergadura sin perder la cercan\u00eda y la accesibilidad para los asistentes.<\/p>\n<p>El foro, que\u00a0<strong>se celebrar\u00e1 del 14 al 16 de enero de 2026<\/strong>, reunir\u00e1 a cerca de 500 congresistas de alto nivel. Junto a ellos, el p\u00fablico general podr\u00e1 acceder a las ponencias y mesas redondas mediante entradas a precios muy accesibles, lo que permitir\u00e1 involucrar a profesionales y ciudadanos interesados en la transici\u00f3n energ\u00e9tica.<\/p>\n<p><img decoding=\"async\" class=\"alignnone size-full wp-image-10400 c008\" src=\"https:\/\/hidrogeno-verde.es\/wp-content\/uploads\/2025\/07\/hidrogeno-verde-2.jpg\" alt=\"Hidr\u00f3geno Verde\" \/><\/p>\n<p>Los organizadores destacan que la decisi\u00f3n de trasladar el evento desde Madrid responde a factores log\u00edsticos y de espacio. Consideran que\u00a0<strong>la infraestructura de Oviedo facilita la interacci\u00f3n entre participantes<\/strong>, con auditorios adecuados y entornos urbanos que permiten desplazamientos r\u00e1pidos.<\/p>\n<p>Adem\u00e1s, la celebraci\u00f3n en Oviedo abre la puerta a generar un impacto econ\u00f3mico directo significativo en la ciudad.\u00a0<strong>Se calcula que la primera edici\u00f3n del foro podr\u00eda inyectar hasta 700.000 euros durante los dos d\u00edas de actividad,<\/strong>\u00a0sin contar los beneficios indirectos derivados del turismo y la visibilidad internacional.<\/p>\n<div class=\"g g-4\">\n<div class=\"g-single a-3\"><\/div>\n<\/div>\n<h2>OH2: un comit\u00e9 con experiencia y visi\u00f3n transatl\u00e1ntica<\/h2>\n<p>Detr\u00e1s de la cumbre OH2 se encuentra un comit\u00e9 con nombres reconocidos en ingenier\u00eda y energ\u00eda.\u00a0<strong>Jorge Montes del Pino, Doctor en Ingenier\u00eda Nuclear y ex presidente de Rolls Royce en Europa, preside la organizaci\u00f3n<\/strong>, mientras que Ignacio Fern\u00e1ndez Serrano, administrador de BYDH, ocupa la secretar\u00eda. Como vocales, participan Antonio P\u00e9rez Collar, presidente del Valle del Hidr\u00f3geno en la Comunidad Valenciana; Ignacio P\u00e9rez de Herrasti de Goyeneche, directivo bancario, y Felipe Gonz\u00e1lez Coto, consultor de energ\u00edas renovables y exdirector de Desarrollo de Negocio de Hunosa.<\/p>\n<p>OH2 abordar\u00e1 problem\u00e1ticas actuales, incluyendo la seguridad del suministro el\u00e9ctrico,\u00a0<a href=\"https:\/\/hidrogeno-verde.es\/almacenamiento\/\" rel=\"noopener\">almacenamiento energ\u00e9tico<\/a>\u00a0y nuevas normativas. La inauguraci\u00f3n se centrar\u00e1 en el gran apag\u00f3n ocurrido en Espa\u00f1a el 28 de abril, un tema que genera preocupaci\u00f3n en la sociedad y que se analizar\u00e1 con detalle desde m\u00faltiples perspectivas.<\/p>\n<p><strong>El foro tambi\u00e9n servir\u00e1 para exponer patentes de lo m\u00e1s innovadoras.<\/strong>\u00a0Es el caso de un sistema de generaci\u00f3n el\u00e9ctrica mediante conductos de gas a presi\u00f3n. Tambi\u00e9n una tecnolog\u00eda capaz de reducir los residuos inertes hasta un 5%, demostrando que la sostenibilidad puede ir de la mano de la innovaci\u00f3n industrial.<\/p>\n<h2>Estrategia, log\u00edstica y perspectivas del hidr\u00f3geno<\/h2>\n<p>La ubicaci\u00f3n del norte de Espa\u00f1a se perfila como\u00a0<strong>estrat\u00e9gica para consolidar el hidr\u00f3geno verde<\/strong>. Puertos como Ferrol, Gij\u00f3n y Bilbao ya cuentan con conexiones a la red europea, lo que ofrece oportunidades comerciales y de desarrollo log\u00edstico.<\/p>\n<p><strong>Durante la celebraci\u00f3n del foro OH2 se discutir\u00e1n incentivos fiscales, pol\u00edticas de apoyo y estrategias para desarrollar nuevos sistemas de almacenamiento energ\u00e9tico y pr\u00e1cticas \u00abWater Positive\u00bb<\/strong>, orientadas a optimizar el consumo de agua en empresas y hogares. Estas soluciones buscan crear un ecosistema sostenible y competitivo a nivel internacional.<\/p>\n<p>Los organizadores conf\u00edan en que la primera edici\u00f3n genere un debate continuo, abierto y pol\u00edticamente independiente. Tras el cierre del foro,\u00a0<strong>se habilitar\u00e1 un espacio de discusi\u00f3n permanente que permitir\u00e1 mantener la interacci\u00f3n y preparar la edici\u00f3n de 2027<\/strong>, con acceso tambi\u00e9n remoto para participantes de todo el mundo.<\/p>\n<p><em>*Fuente: <a href=\"https:\/\/hidrogeno-verde.es\/oh2-oviedo-hidrogeno-verde\/\" target=\"_blank\" rel=\"noopener\">hidrogeno-verde.es<\/a><\/em>[\/vc_column_text][\/vc_column][\/vc_row]\n","protected":false},"excerpt":{"rendered":"<p>[vc_row type=\u00bbin_container\u00bb full_screen_row_position=\u00bbmiddle\u00bb column_margin=\u00bbdefault\u00bb column_direction=\u00bbdefault\u00bb column_direction_tablet=\u00bbdefault\u00bb column_direction_phone=\u00bbdefault\u00bb scene_position=\u00bbcenter\u00bb top_padding=\u00bb0%\u00bb text_color=\u00bbdark\u00bb text_align=\u00bbleft\u00bb row_border_radius=\u00bbnone\u00bb row_border_radius_applies=\u00bbbg\u00bb overflow=\u00bbvisible\u00bb overlay_strength=\u00bb0.3&#8243; gradient_direction=\u00bbleft_to_right\u00bb shape_divider_position=\u00bbbottom\u00bb bg_image_animation=\u00bbnone\u00bb gradient_type=\u00bbdefault\u00bb shape_type=\u00bb\u00bb][vc_column column_padding=\u00bbno-extra-padding\u00bb column_padding_tablet=\u00bbinherit\u00bb column_padding_phone=\u00bbinherit\u00bb column_padding_position=\u00bball\u00bb column_element_direction_desktop=\u00bbdefault\u00bb column_element_spacing=\u00bbdefault\u00bb desktop_text_alignment=\u00bbdefault\u00bb tablet_text_alignment=\u00bbdefault\u00bb phone_text_alignment=\u00bbdefault\u00bb background_color_opacity=\u00bb1&#8243;&#8230;<\/p>\n","protected":false},"author":1,"featured_media":226,"comment_status":"closed","ping_status":"closed","sticky":false,"template":"","format":"standard","meta":{"footnotes":""},"categories":[4],"tags":[],"class_list":{"0":"post-181","1":"post","2":"type-post","3":"status-publish","4":"format-standard","5":"has-post-thumbnail","7":"category-actualidad"},"_links":{"self":[{"href":"https:\/\/oh2.es\/index.php\/wp-json\/wp\/v2\/posts\/181","targetHints":{"allow":["GET"]}}],"collection":[{"href":"https:\/\/oh2.es\/index.php\/wp-json\/wp\/v2\/posts"}],"about":[{"href":"https:\/\/oh2.es\/index.php\/wp-json\/wp\/v2\/types\/post"}],"author":[{"embeddable":true,"href":"https:\/\/oh2.es\/index.php\/wp-json\/wp\/v2\/users\/1"}],"replies":[{"embeddable":true,"href":"https:\/\/oh2.es\/index.php\/wp-json\/wp\/v2\/comments?post=181"}],"version-history":[{"count":9,"href":"https:\/\/oh2.es\/index.php\/wp-json\/wp\/v2\/posts\/181\/revisions"}],"predecessor-version":[{"id":207,"href":"https:\/\/oh2.es\/index.php\/wp-json\/wp\/v2\/posts\/181\/revisions\/207"}],"wp:featuredmedia":[{"embeddable":true,"href":"https:\/\/oh2.es\/index.php\/wp-json\/wp\/v2\/media\/226"}],"wp:attachment":[{"href":"https:\/\/oh2.es\/index.php\/wp-json\/wp\/v2\/media?parent=181"}],"wp:term":[{"taxonomy":"category","embeddable":true,"href":"https:\/\/oh2.es\/index.php\/wp-json\/wp\/v2\/categories?post=181"},{"taxonomy":"post_tag","embeddable":true,"href":"https:\/\/oh2.es\/index.php\/wp-json\/wp\/v2\/tags?post=181"}],"curies":[{"name":"wp","href":"https:\/\/api.w.org\/{rel}","templated":true}]}}